{"id":24614,"date":"2025-09-29T20:32:38","date_gmt":"2025-09-29T18:32:38","guid":{"rendered":"https:\/\/www.rajfrance.org\/fr\/?p=24614"},"modified":"2025-11-17T21:03:21","modified_gmt":"2025-11-17T20:03:21","slug":"diner-du-rajf-20-novembre-2025","status":"publish","type":"post","link":"http:\/\/www.rajfrance.org\/fr\/2025\/09\/29\/diner-du-rajf-20-novembre-2025\/","title":{"rendered":"D\u00eener du RAJF &#8211; 20 novembre 2025"},"content":{"rendered":"<section class=\"l-section wpb_row height_medium\"><div class=\"l-section-h i-cf\"><div class=\"g-cols vc_row via_flex valign_middle type_default stacking_default\"><div class=\"vc_col-sm-12 wpb_column vc_column_container\"><div class=\"vc_column-inner\"><div class=\"wpb_wrapper\"><div class=\"wpb_text_column\"><div class=\"wpb_wrapper\"><section class=\"l-section wpb_row height_medium\"><div class=\"l-section-h i-cf\"><div class=\"g-cols vc_row via_flex valign_top type_default stacking_default\"><\/div><\/div><\/section><div class=\"vc_col-sm-12 wpb_column vc_column_container\"><div class=\"vc_column-inner\"><div class=\"wpb_wrapper\"><\/div><\/div><\/div><div class=\"wpb_text_column\"><div class=\"wpb_wrapper\"><\/div><\/div>\n<p>Les inscriptions pour le rituel d\u00eener du RAJF (Rassemblement des avocats juifs de France) sont ouvertes.<\/p>\n<p>Il se tiendra cette ann\u00e9e le Jeudi 20 Novembre 2025 \u00e0 20 heures \u00e0 la Maison du Barreau, 2 rue du Harlay Paris 1er, en pr\u00e9sence de Monsieur le B\u00e2tonnier Pierre Hoffman, B\u00e2tonnier et de Monsieur Louis Degos, B\u00e2tonnier \u00e9lu.<\/p>\n<p>Nos invit\u00e9s d\u2019honneur seront cette ann\u00e9e :<br \/>\n&#8211; Madame la Ministre Aurore Berg\u00e9, Ministre d\u00e9missionnaire de l\u2019Egalit\u00e9 hommes-femmes qui partagera avec nous ses actions pour lutter contre la dangereuse augmentation des actes anti juifs<\/p>\n<p>&amp;<\/p>\n<p>&#8211; Monsieur Emmanuel Razavi, Grand Reporter et sp\u00e9cialiste du Moyen-Orient, notamment auteur de la Face cach\u00e9e des Mollah. Nous lui dirons notre amiti\u00e9 et notre solidarit\u00e9 avec le grand peuple Iranien.<\/p>\n<p>Nous serons \u00e9galement honor\u00e9s de la pr\u00e9sence de Madame la Directrice de la diplomatie de l\u2019Ambassade d\u2019Isra\u00ebl en France avec qui nous \u00e9changerons sur la situation en Isra\u00ebl.<\/p>\n<p>Nous esp\u00e9rons vous voir tr\u00e8s nombreux pour ce moment de partage et de solidarit\u00e9.<\/p>\n<p>D\u00eener strictement casher sous le contr\u00f4le du Beth Din de Paris.<\/p>\n<p>Renseignements aupr\u00e8s de Vanessa Sebban Bohbot, Secr\u00e9taire G\u00e9n\u00e9rale du RAJF secretaire.general@rajfrance.org<\/p>\n<h3><strong>Les inscriptions pour cet \u00e9v\u00e9nement sont cl\u00f4tur\u00e9es.<\/strong><\/h3>\n<\/div><\/div><\/div><\/div><\/div><\/div><\/div><\/section><section class=\"l-section wpb_row height_medium\"><div class=\"l-section-h i-cf\"><div class=\"g-cols vc_row via_flex valign_top type_default stacking_default\"><div class=\"vc_col-sm-12 wpb_column vc_column_container\"><div class=\"vc_column-inner\"><div class=\"wpb_wrapper\"><\/div><\/div><\/div><\/div><\/div><\/section>\n","protected":false},"excerpt":{"rendered":"Les inscriptions pour le rituel d&icirc;ner du RAJF (Rassemblement des avocats juifs de France) sont ouvertes. Il se tiendra cette ann&eacute;e le Jeudi 20 Novembre 2025 &agrave; 20 heures &agrave; la Maison du Barreau, 2 rue du Harlay Paris 1er, en pr&eacute;sence de Monsieur le B&acirc;tonnier Pierre Hoffman, B&acirc;tonnier et de Monsieur Louis Degos, B&acirc;tonnier...","protected":false},"author":1,"featured_media":23132,"comment_status":"closed","ping_status":"closed","sticky":false,"template":"","format":"standard","meta":{"footnotes":""},"categories":[53],"tags":[],"class_list":["post-24614","post","type-post","status-publish","format-standard","has-post-thumbnail","hentry","category-evenements"],"_links":{"self":[{"href":"http:\/\/www.rajfrance.org\/fr\/wp-json\/wp\/v2\/posts\/24614","targetHints":{"allow":["GET"]}}],"collection":[{"href":"http:\/\/www.rajfrance.org\/fr\/wp-json\/wp\/v2\/posts"}],"about":[{"href":"http:\/\/www.rajfrance.org\/fr\/wp-json\/wp\/v2\/types\/post"}],"author":[{"embeddable":true,"href":"http:\/\/www.rajfrance.org\/fr\/wp-json\/wp\/v2\/users\/1"}],"replies":[{"embeddable":true,"href":"http:\/\/www.rajfrance.org\/fr\/wp-json\/wp\/v2\/comments?post=24614"}],"version-history":[{"count":9,"href":"http:\/\/www.rajfrance.org\/fr\/wp-json\/wp\/v2\/posts\/24614\/revisions"}],"predecessor-version":[{"id":24783,"href":"http:\/\/www.rajfrance.org\/fr\/wp-json\/wp\/v2\/posts\/24614\/revisions\/24783"}],"wp:featuredmedia":[{"embeddable":true,"href":"http:\/\/www.rajfrance.org\/fr\/wp-json\/wp\/v2\/media\/23132"}],"wp:attachment":[{"href":"http:\/\/www.rajfrance.org\/fr\/wp-json\/wp\/v2\/media?parent=24614"}],"wp:term":[{"taxonomy":"category","embeddable":true,"href":"http:\/\/www.rajfrance.org\/fr\/wp-json\/wp\/v2\/categories?post=24614"},{"taxonomy":"post_tag","embeddable":true,"href":"http:\/\/www.rajfrance.org\/fr\/wp-json\/wp\/v2\/tags?post=24614"}],"curies":[{"name":"wp","href":"https:\/\/api.w.org\/{rel}","templated":true}]}}