{"id":24447,"date":"2024-10-28T22:40:14","date_gmt":"2024-10-28T21:40:14","guid":{"rendered":"http:\/\/www.rajfrance.org\/fr\/?p=24447"},"modified":"2024-11-21T13:46:55","modified_gmt":"2024-11-21T12:46:55","slug":"diner-du-rajf-25-novembre-2024","status":"publish","type":"post","link":"http:\/\/www.rajfrance.org\/fr\/2024\/10\/28\/diner-du-rajf-25-novembre-2024\/","title":{"rendered":"D\u00eener du RAJF &#8211; 25 novembre 2024"},"content":{"rendered":"<section class=\"l-section wpb_row height_medium\"><div class=\"l-section-h i-cf\"><div class=\"g-cols vc_row via_flex valign_middle type_default stacking_default\"><\/div><\/div><\/section><div class=\"vc_col-sm-12 wpb_column vc_column_container\"><div class=\"vc_column-inner\"><div class=\"wpb_wrapper\"><\/div><\/div><\/div><div class=\"wpb_text_column\"><div class=\"wpb_wrapper\"><\/div><\/div>\n<p>Le d\u00eener du RAJF (Rassemblement des avocats juifs de France) se tiendra cette ann\u00e9e le lundi 25 novembre 2024 \u00e0 partir de 20 heures \u00e0 la Maison du Barreau, 2 rue du Harlay Paris 1er.<\/p>\n<p>Compte tenu de la situation en ISRA\u00cbL, sera pr\u00e9sent lors de notre d\u00eener un repr\u00e9sentant de l&rsquo;Ambassade d&rsquo;Isra\u00ebl en France \u00e0 qui nous demanderons de nous faire une intervention sur la situation sur les diff\u00e9rentes zones de conflit.<\/p>\n<p>Et puis, cette ann\u00e9e, pour c\u00e9l\u00e9brer les 40 ans du RAJF, nous honorerons notre pr\u00e9sident d&rsquo;honneur et fondateur notre Confr\u00e8re Bernard Cahen.<\/p>\n<p>Nous vous invitons \u00e0 venir nombreux.<\/p>\n<p>D\u00eener en pr\u00e9sence du B\u00e2tonnier et Vice-B\u00e2tonnier (sous r\u00e9serve de leur disponibilit\u00e9).<\/p>\n<p>D\u00eener strictement casher sous le contr\u00f4le du Beth Din de Paris.<\/p>\n<p style=\"margin: 0cm;\"><span style=\"font-size: 11.5pt; font-family: Roboto; color: #424242;\">Inscription en ligne.<\/span><\/p>\n<p style=\"margin: 0cm;\"><span style=\"font-size: 11.5pt; font-family: Roboto; color: #424242;\">Renseignements aupr\u00e8s de Vanessa Sebban Bohbot, Secr\u00e9taire G\u00e9n\u00e9rale du RAJF (<\/span><a href=\"mailto:vanessa.bohbot@vb-law.net\"><span style=\"font-size: 11.5pt; font-family: Roboto;\">vanessa.bohbot@vb-law.net<\/span><\/a><span style=\"font-size: 11.5pt; font-family: Roboto; color: #424242;\">).<\/span><\/p>\n<p>&nbsp;<\/p>\n<h3><strong>Les inscriptions pour cet \u00e9v\u00e9nement sont cl\u00f4tur\u00e9es.<\/strong><\/h3>\n<p style=\"margin: 0cm;\">\n","protected":false},"excerpt":{"rendered":"<p>Le d&icirc;ner du RAJF (Rassemblement des avocats juifs de France) se tiendra cette ann&eacute;e le lundi 25 novembre 2024 &agrave; partir de 20 heures &agrave; la Maison du Barreau, 2 rue du Harlay Paris 1er. Compte tenu de la situation en ISRA&Euml;L, sera pr&eacute;sent lors de notre d&icirc;ner un repr&eacute;sentant de l&rsquo;Ambassade d&rsquo;Isra&euml;l en France&#8230;<\/p>\n","protected":false},"author":1,"featured_media":23132,"comment_status":"closed","ping_status":"closed","sticky":false,"template":"","format":"standard","meta":{"footnotes":""},"categories":[53],"tags":[],"class_list":["post-24447","post","type-post","status-publish","format-standard","has-post-thumbnail","hentry","category-evenements"],"_links":{"self":[{"href":"http:\/\/www.rajfrance.org\/fr\/wp-json\/wp\/v2\/posts\/24447","targetHints":{"allow":["GET"]}}],"collection":[{"href":"http:\/\/www.rajfrance.org\/fr\/wp-json\/wp\/v2\/posts"}],"about":[{"href":"http:\/\/www.rajfrance.org\/fr\/wp-json\/wp\/v2\/types\/post"}],"author":[{"embeddable":true,"href":"http:\/\/www.rajfrance.org\/fr\/wp-json\/wp\/v2\/users\/1"}],"replies":[{"embeddable":true,"href":"http:\/\/www.rajfrance.org\/fr\/wp-json\/wp\/v2\/comments?post=24447"}],"version-history":[{"count":5,"href":"http:\/\/www.rajfrance.org\/fr\/wp-json\/wp\/v2\/posts\/24447\/revisions"}],"predecessor-version":[{"id":24553,"href":"http:\/\/www.rajfrance.org\/fr\/wp-json\/wp\/v2\/posts\/24447\/revisions\/24553"}],"wp:featuredmedia":[{"embeddable":true,"href":"http:\/\/www.rajfrance.org\/fr\/wp-json\/wp\/v2\/media\/23132"}],"wp:attachment":[{"href":"http:\/\/www.rajfrance.org\/fr\/wp-json\/wp\/v2\/media?parent=24447"}],"wp:term":[{"taxonomy":"category","embeddable":true,"href":"http:\/\/www.rajfrance.org\/fr\/wp-json\/wp\/v2\/categories?post=24447"},{"taxonomy":"post_tag","embeddable":true,"href":"http:\/\/www.rajfrance.org\/fr\/wp-json\/wp\/v2\/tags?post=24447"}],"curies":[{"name":"wp","href":"https:\/\/api.w.org\/{rel}","templated":true}]}}