{"id":24295,"date":"2023-10-21T16:15:40","date_gmt":"2023-10-21T14:15:40","guid":{"rendered":"http:\/\/www.rajfrance.org\/fr\/?p=24295"},"modified":"2023-11-14T09:27:04","modified_gmt":"2023-11-14T08:27:04","slug":"diner-du-rajf-21-novembre-2023","status":"publish","type":"post","link":"http:\/\/www.rajfrance.org\/fr\/2023\/10\/21\/diner-du-rajf-21-novembre-2023\/","title":{"rendered":"D\u00eener du RAJF &#8211; 21 novembre 2023"},"content":{"rendered":"<section class=\"l-section wpb_row height_medium\"><div class=\"l-section-h i-cf\"><div class=\"g-cols vc_row via_flex valign_middle type_default stacking_default\"><div class=\"vc_col-sm-12 wpb_column vc_column_container\"><div class=\"vc_column-inner\"><div class=\"wpb_wrapper\"><div class=\"wpb_text_column\"><div class=\"wpb_wrapper\"><p>Le d\u00eener du RAJF (Rassemblement des avocats juifs de France) se tiendra cette ann\u00e9e le mardi 21 novembre 2023 \u00e0 partir de 20 heures \u00e0 la Maison du Barreau, 2 rue du Harlay Paris 1er.<\/p>\n<p>Compte tenu de la situation, nous organisons exceptionnellement un d\u00eener de soutien \u00e0 ISRA\u00cbL en pr\u00e9sence du repr\u00e9sentant de l&rsquo;Ambassade d&rsquo;Isra\u00ebl en France.<\/p>\n<p>Nous vous invitons \u00e0 venir nombreix manifester votre soutien et solidarit\u00e9 envers Isra\u00ebl qui vit les heures les plus sombres de son histoire.<\/p>\n<p>D\u00eener en pr\u00e9sence de la B\u00e2tonni\u00e8re en exercice, Madame Julie Couturier et du Vice-B\u00e2tonnier, Monsieur Vincent Nior\u00e9 et du B\u00e2tonnier \u00e9lu, Pierre Hofmann et Vice-B\u00e2tonni\u00e8re \u00e9lue, Vanessa Boussardo.<\/p>\n<p>D\u00eener strictement casher sous le contr\u00f4le du Beth Din de Paris.<\/p>\n<p>Renseignements aupr\u00e8s de Vanessa Sebban Bohbot, Secr\u00e9taire G\u00e9n\u00e9rale du RAJF (secretaire.general@rajf.org).<\/p>\n<\/div><\/div><div class=\"w-separator size_medium\"><\/div><div class=\"w-btn-wrapper align_center\"><a class=\"w-btn us-btn-style_5 icon_atleft\" href=\"http:\/\/www.rajfrance.org\/fr\/boutique\/\"><i class=\"fas fa-shopping-basket\"><\/i><span class=\"w-btn-label\">S&rsquo;INSCRIRE<\/span><\/a><\/div><\/div><\/div><\/div><\/div><\/div><\/section>\n","protected":false},"excerpt":{"rendered":"Le d&icirc;ner du RAJF (Rassemblement des avocats juifs de France) se tiendra cette ann&eacute;e le mardi 21 novembre 2023 &agrave; partir de 20 heures &agrave; la Maison du Barreau, 2 rue du Harlay Paris 1er. Compte tenu de la situation, nous organisons exceptionnellement un d&icirc;ner de soutien &agrave; ISRA&Euml;L en pr&eacute;sence du repr&eacute;sentant de l&rsquo;Ambassade...","protected":false},"author":1,"featured_media":23132,"comment_status":"closed","ping_status":"closed","sticky":false,"template":"","format":"standard","meta":{"footnotes":""},"categories":[53],"tags":[],"class_list":["post-24295","post","type-post","status-publish","format-standard","has-post-thumbnail","hentry","category-evenements"],"_links":{"self":[{"href":"http:\/\/www.rajfrance.org\/fr\/wp-json\/wp\/v2\/posts\/24295","targetHints":{"allow":["GET"]}}],"collection":[{"href":"http:\/\/www.rajfrance.org\/fr\/wp-json\/wp\/v2\/posts"}],"about":[{"href":"http:\/\/www.rajfrance.org\/fr\/wp-json\/wp\/v2\/types\/post"}],"author":[{"embeddable":true,"href":"http:\/\/www.rajfrance.org\/fr\/wp-json\/wp\/v2\/users\/1"}],"replies":[{"embeddable":true,"href":"http:\/\/www.rajfrance.org\/fr\/wp-json\/wp\/v2\/comments?post=24295"}],"version-history":[{"count":11,"href":"http:\/\/www.rajfrance.org\/fr\/wp-json\/wp\/v2\/posts\/24295\/revisions"}],"predecessor-version":[{"id":24328,"href":"http:\/\/www.rajfrance.org\/fr\/wp-json\/wp\/v2\/posts\/24295\/revisions\/24328"}],"wp:featuredmedia":[{"embeddable":true,"href":"http:\/\/www.rajfrance.org\/fr\/wp-json\/wp\/v2\/media\/23132"}],"wp:attachment":[{"href":"http:\/\/www.rajfrance.org\/fr\/wp-json\/wp\/v2\/media?parent=24295"}],"wp:term":[{"taxonomy":"category","embeddable":true,"href":"http:\/\/www.rajfrance.org\/fr\/wp-json\/wp\/v2\/categories?post=24295"},{"taxonomy":"post_tag","embeddable":true,"href":"http:\/\/www.rajfrance.org\/fr\/wp-json\/wp\/v2\/tags?post=24295"}],"curies":[{"name":"wp","href":"https:\/\/api.w.org\/{rel}","templated":true}]}}