{"id":23194,"date":"2018-07-30T17:30:58","date_gmt":"2018-07-30T15:30:58","guid":{"rendered":"http:\/\/www.rajfrance.org\/fr\/?p=23194"},"modified":"2020-02-17T20:33:39","modified_gmt":"2020-02-17T19:33:39","slug":"diner-du-rajf-2018","status":"publish","type":"post","link":"http:\/\/www.rajfrance.org\/fr\/2018\/07\/30\/diner-du-rajf-2018\/","title":{"rendered":"D\u00eener du RAJF le 12 Novembre 2018"},"content":{"rendered":"<section class=\"l-section wpb_row height_medium\"><div class=\"l-section-h i-cf\"><div class=\"g-cols vc_row via_flex valign_middle type_default stacking_default\"><div class=\"vc_col-sm-12 wpb_column vc_column_container\"><div class=\"vc_column-inner\"><div class=\"wpb_wrapper\"><div class=\"wpb_text_column\"><div class=\"wpb_wrapper\"><p style=\"text-align: justify;\">Le D\u00eener annuel du RAJF est le moment fort de l\u2019ann\u00e9e qui participe \u00e0 la d\u00e9mocratie ordinale. Il r\u00e9unit en toute convivialit\u00e9 \u00e0 la Maison du Barreau les avocats membres de l\u2019association ainsi que tous les sympathisants en pr\u00e9sence du B\u00e2tonnier et du Vice B\u00e2tonnier, de MCO (membres du Conseil de l\u2019Ordre) et d\u2019invit\u00e9s de marque issus de la soci\u00e9t\u00e9 civile, du monde du droit et du juda\u00efsme.<\/p>\n<\/div><\/div><div class=\"wpb_text_column\"><div class=\"wpb_wrapper\"><p style=\"text-align: justify;\">Le d\u00eener du RAJF se tiendra cette ann\u00e9e le <strong>lundi 12 novembre 2018<\/strong> \u00e0 partir de 20 heures \u00e0 la Maison du Barreau. Monsieur Jacques Toubon, Ancien Ministre, D\u00e9fenseur des droits sera notre invit\u00e9. D\u00eener en pr\u00e9sence du B\u00e2tonnier, Marie-Aim\u00e9e Peyron et du Vice-B\u00e2tonnier, Basile Ader. Inscriptions en ligne (places limit\u00e9es).<br \/>\nD\u00eener strictement casher sous le contr\u00f4le du Beth Din de Paris.<br \/>\nRenseignements aupr\u00e8s de Vanessa Sebban Bohbot, Secr\u00e9taire G\u00e9n\u00e9rale du RAJF (secretaire.general@rajf.org)<\/p>\n<\/div><\/div><div class=\"w-separator size_medium\"><\/div><style>#count-down-wrap-6504 .ult_countdown-amount { font-weight:normal;  font-family : ;\tcolor: ; } #count-down-wrap-6504 .ult_countdown-period{font-weight:normal;\tcolor: ;\tfont-family: ;}<\/style><div  data-ultimate-target='#count-down-wrap-6504 .ult_countdown-period'  data-responsive-json-new='{\"font-size\":\"desktop:13px;\",\"line-height\":\"\"}'  class=\"ult-responsive ult_countdown   ult-cd-no-border ult-cd-s1\"><div id=\"count-down-wrap-6504\"  class=\"ult-responsive ult_countdown-div ult_countdown-dateAndTime ult-wptz\" data-labels=\"Ann\u00e9es,Mois,Semaines,Jours,Heures,Minutes,Secondes\" data-labels2=\"Ann\u00e9e,Mois,Semaine,Jour,Heure,Minute,Seconde\"  data-terminal-date=\"2018\/11\/12 19:00:00\" data-countformat=\"OWDHM\" data-time-zone=\"2\" data-time-now=\"2026\/05\/02 10:34:32\"  data-tick-col=\"\"   data-ultimate-target='#count-down-wrap-6504 .ult_countdown-amount'  data-responsive-json-new='{\"font-size\":\"desktop:36px;\",\"line-height\":\"\"}'  data-tick-p-col=\"\"  data-tick-style=\"font-weight:normal;\"  data-tick-p-style=\"\"  data-bg-color=\"\" data-br-radius=\"\" data-padd=\"0\" >2018\/11\/12 19:00:00<\/div><\/div><div class=\"w-btn-wrapper align_center\"><a class=\"w-btn us-btn-style_5 icon_atleft\" href=\"http:\/\/www.rajfrance.org\/fr\/boutique\/\"><i class=\"fas fa-shopping-basket\"><\/i><span class=\"w-btn-label\">S&rsquo;INSCRIRE<\/span><\/a><\/div><\/div><\/div><\/div><\/div><\/div><\/section>\n","protected":false},"excerpt":{"rendered":"Le D&icirc;ner annuel du RAJF est le moment fort de l&rsquo;ann&eacute;e qui participe &agrave; la d&eacute;mocratie ordinale. Il r&eacute;unit en toute convivialit&eacute; &agrave; la Maison du Barreau les avocats membres de l&rsquo;association ainsi que tous les sympathisants en pr&eacute;sence du B&acirc;tonnier et du Vice B&acirc;tonnier, de MCO (membres du Conseil de l&rsquo;Ordre) et d&rsquo;invit&eacute;s de...","protected":false},"author":1,"featured_media":23136,"comment_status":"closed","ping_status":"closed","sticky":false,"template":"","format":"standard","meta":{"footnotes":""},"categories":[53],"tags":[],"class_list":["post-23194","post","type-post","status-publish","format-standard","has-post-thumbnail","hentry","category-evenements"],"_links":{"self":[{"href":"http:\/\/www.rajfrance.org\/fr\/wp-json\/wp\/v2\/posts\/23194","targetHints":{"allow":["GET"]}}],"collection":[{"href":"http:\/\/www.rajfrance.org\/fr\/wp-json\/wp\/v2\/posts"}],"about":[{"href":"http:\/\/www.rajfrance.org\/fr\/wp-json\/wp\/v2\/types\/post"}],"author":[{"embeddable":true,"href":"http:\/\/www.rajfrance.org\/fr\/wp-json\/wp\/v2\/users\/1"}],"replies":[{"embeddable":true,"href":"http:\/\/www.rajfrance.org\/fr\/wp-json\/wp\/v2\/comments?post=23194"}],"version-history":[{"count":8,"href":"http:\/\/www.rajfrance.org\/fr\/wp-json\/wp\/v2\/posts\/23194\/revisions"}],"predecessor-version":[{"id":23835,"href":"http:\/\/www.rajfrance.org\/fr\/wp-json\/wp\/v2\/posts\/23194\/revisions\/23835"}],"wp:featuredmedia":[{"embeddable":true,"href":"http:\/\/www.rajfrance.org\/fr\/wp-json\/wp\/v2\/media\/23136"}],"wp:attachment":[{"href":"http:\/\/www.rajfrance.org\/fr\/wp-json\/wp\/v2\/media?parent=23194"}],"wp:term":[{"taxonomy":"category","embeddable":true,"href":"http:\/\/www.rajfrance.org\/fr\/wp-json\/wp\/v2\/categories?post=23194"},{"taxonomy":"post_tag","embeddable":true,"href":"http:\/\/www.rajfrance.org\/fr\/wp-json\/wp\/v2\/tags?post=23194"}],"curies":[{"name":"wp","href":"https:\/\/api.w.org\/{rel}","templated":true}]}}