{"id":23183,"date":"2017-07-30T17:01:59","date_gmt":"2017-07-30T15:01:59","guid":{"rendered":"http:\/\/www.rajfrance.org\/fr\/?p=23183"},"modified":"2018-10-02T11:10:20","modified_gmt":"2018-10-02T09:10:20","slug":"diner-du-rajf-2017","status":"publish","type":"post","link":"http:\/\/www.rajfrance.org\/fr\/2017\/07\/30\/diner-du-rajf-2017\/","title":{"rendered":"Diner du RAJF 2017"},"content":{"rendered":"<section class=\"l-section wpb_row height_medium\"><div class=\"l-section-h i-cf\"><div class=\"g-cols vc_row via_flex valign_middle type_default stacking_default\"><div class=\"vc_col-sm-8 wpb_column vc_column_container\"><div class=\"vc_column-inner\"><div class=\"wpb_wrapper\"><div class=\"wpb_text_column\"><div class=\"wpb_wrapper\"><p style=\"text-align: justify;\"><strong> Le Diner du RAJF se tiendra lundi 13 novembre 2017 \u00e0 partir de 20 h dans les salons de la Maison du Barreau 2 rue de Harlay &#8211; Paris 1er en pr\u00e9sence de la B\u00e2tonni\u00e8re et Vice-B\u00e2tonnier \u00e9lus.<\/strong><\/p>\n<p style=\"text-align: justify;\">L\u2019invit\u00e9e sera cette ann\u00e9e\u00a0<strong>Madame Aliza Bin-Noun<\/strong>, Ambassadrice d\u2019Isra\u00ebl en France qui interviendra sur le th\u00e8me principal \u00abLes cent ans de la d\u00e9claration Balfour\u00bb.<br \/>\nNotre Confr\u00e8re Samy BOCHNER, auteur d\u2019un livre, d\u00e9dicacera sur ce th\u00e8me.<\/p>\n<\/div><\/div><\/div><\/div><\/div><div class=\"vc_col-sm-4 wpb_column vc_column_container\"><div class=\"vc_column-inner\"><div class=\"wpb_wrapper\"><div class=\"w-slider style_none fit_contain nav_none count_4\"><div class=\"w-slider-h\"><div class=\"royalSlider\"><div class=\"rsContent\"><a class=\"rsImg\" data-rsw=\"248\" data-rsh=\"331\" href=\"http:\/\/www.rajfrance.org\/fr\/wp-content\/uploads\/2018\/07\/4.jpg\"><span data-alt=\"\"><\/span><\/a><\/div><div class=\"rsContent\"><a class=\"rsImg\" data-rsw=\"453\" data-rsh=\"604\" href=\"http:\/\/www.rajfrance.org\/fr\/wp-content\/uploads\/2018\/07\/2.jpg\"><span data-alt=\"\"><\/span><\/a><\/div><div class=\"rsContent\"><a class=\"rsImg\" data-rsw=\"453\" data-rsh=\"340\" href=\"http:\/\/www.rajfrance.org\/fr\/wp-content\/uploads\/2018\/07\/3.jpg\"><span data-alt=\"\"><\/span><\/a><\/div><div class=\"rsContent\"><a class=\"rsImg\" data-rsw=\"453\" data-rsh=\"604\" href=\"http:\/\/www.rajfrance.org\/fr\/wp-content\/uploads\/2018\/07\/1.jpg\"><span data-alt=\"\"><\/span><\/a><\/div><\/div><img decoding=\"async\" src=\"http:\/\/www.rajfrance.org\/fr\/wp-content\/uploads\/2018\/07\/4.jpg\" width=\"248\" height=\"331\" alt loading=\"lazy\"><\/div><div class=\"w-slider-json\" onclick='return {&quot;autoScaleSlider&quot;:true,&quot;addActiveClass&quot;:true,&quot;loop&quot;:true,&quot;fadeInLoadedSlide&quot;:false,&quot;slidesSpacing&quot;:0,&quot;imageScalePadding&quot;:0,&quot;numImagesToPreload&quot;:2,&quot;arrowsNav&quot;:true,&quot;arrowsNavAutoHide&quot;:false,&quot;transitionType&quot;:&quot;move&quot;,&quot;transitionSpeed&quot;:250,&quot;block&quot;:{&quot;moveEffect&quot;:&quot;none&quot;,&quot;speed&quot;:300},&quot;thumbs&quot;:{&quot;fitInViewport&quot;:false,&quot;firstMargin&quot;:false,&quot;spacing&quot;:4},&quot;controlNavigation&quot;:&quot;none&quot;,&quot;autoplay&quot;:{&quot;enabled&quot;:true,&quot;pauseOnHover&quot;:true,&quot;delay&quot;:3000},&quot;autoScaleSliderWidth&quot;:248,&quot;autoScaleSliderHeight&quot;:331}'><\/div><\/div><\/div><\/div><\/div><\/div><\/div><\/section>\n","protected":false},"excerpt":{"rendered":"Le Diner du RAJF se tiendra lundi 13 novembre 2017 &agrave; partir de 20 h dans les salons de la Maison du Barreau 2 rue de Harlay &ndash; Paris 1er en pr&eacute;sence de la B&acirc;tonni&egrave;re et Vice-B&acirc;tonnier &eacute;lus. L&rsquo;invit&eacute;e sera cette ann&eacute;e&nbsp;Madame Aliza Bin-Noun, Ambassadrice d&rsquo;Isra&euml;l en France qui interviendra sur le th&egrave;me principal &laquo;Les...","protected":false},"author":1,"featured_media":23138,"comment_status":"closed","ping_status":"closed","sticky":false,"template":"","format":"standard","meta":{"footnotes":""},"categories":[53],"tags":[],"class_list":["post-23183","post","type-post","status-publish","format-standard","has-post-thumbnail","hentry","category-evenements"],"_links":{"self":[{"href":"http:\/\/www.rajfrance.org\/fr\/wp-json\/wp\/v2\/posts\/23183","targetHints":{"allow":["GET"]}}],"collection":[{"href":"http:\/\/www.rajfrance.org\/fr\/wp-json\/wp\/v2\/posts"}],"about":[{"href":"http:\/\/www.rajfrance.org\/fr\/wp-json\/wp\/v2\/types\/post"}],"author":[{"embeddable":true,"href":"http:\/\/www.rajfrance.org\/fr\/wp-json\/wp\/v2\/users\/1"}],"replies":[{"embeddable":true,"href":"http:\/\/www.rajfrance.org\/fr\/wp-json\/wp\/v2\/comments?post=23183"}],"version-history":[{"count":1,"href":"http:\/\/www.rajfrance.org\/fr\/wp-json\/wp\/v2\/posts\/23183\/revisions"}],"predecessor-version":[{"id":23184,"href":"http:\/\/www.rajfrance.org\/fr\/wp-json\/wp\/v2\/posts\/23183\/revisions\/23184"}],"wp:featuredmedia":[{"embeddable":true,"href":"http:\/\/www.rajfrance.org\/fr\/wp-json\/wp\/v2\/media\/23138"}],"wp:attachment":[{"href":"http:\/\/www.rajfrance.org\/fr\/wp-json\/wp\/v2\/media?parent=23183"}],"wp:term":[{"taxonomy":"category","embeddable":true,"href":"http:\/\/www.rajfrance.org\/fr\/wp-json\/wp\/v2\/categories?post=23183"},{"taxonomy":"post_tag","embeddable":true,"href":"http:\/\/www.rajfrance.org\/fr\/wp-json\/wp\/v2\/tags?post=23183"}],"curies":[{"name":"wp","href":"https:\/\/api.w.org\/{rel}","templated":true}]}}