{"id":23177,"date":"2018-02-12T16:53:26","date_gmt":"2018-02-12T15:53:26","guid":{"rendered":"http:\/\/www.rajfrance.org\/fr\/?p=23177"},"modified":"2018-10-02T11:00:37","modified_gmt":"2018-10-02T09:00:37","slug":"conference-du-professeur-frederic-encel","status":"publish","type":"post","link":"http:\/\/www.rajfrance.org\/fr\/2018\/02\/12\/conference-du-professeur-frederic-encel\/","title":{"rendered":"Conf\u00e9rence du Professeur Fr\u00e9d\u00e9ric ENCEL"},"content":{"rendered":"<section class=\"l-section wpb_row height_medium\"><div class=\"l-section-h i-cf\"><div class=\"g-cols vc_row via_flex valign_middle type_default stacking_default\"><div class=\"vc_col-sm-12 wpb_column vc_column_container\"><div class=\"vc_column-inner\"><div class=\"wpb_wrapper\"><div class=\"wpb_text_column\"><div class=\"wpb_wrapper\"><p style=\"text-align: justify;\">Conf\u00e9rence du Professeur Fr\u00e9d\u00e9ric ENCEL,\u00a0Docteur en g\u00e9opolitique, ma\u00eetre de conf\u00e9rences \u00e0 Sciences-Po Paris\u00a0<strong>Le 1er mars 2018 \u00e0 20 heures \u00e0 l\u2019Auditorium de la Maison du Barreau de Paris<\/strong>\u00a0sur le th\u00e8me de Droit International\u00a0\u00ab\u00a0<strong>Quelles souverainet\u00e9s pour un Moyen-Orient \u00e9clat\u00e9\u00a0?<\/strong>\u00a0\u00bb<br \/>\nConf\u00e9rence sous la Pr\u00e9sidence de\u00a0Madame le B\u00e2tonnier Marie-Aim\u00e9e PEYRON et du Vice-B\u00e2tonnier Basile ADER<br \/>\nAvec les participations<br \/>\ndu FSJU, pr\u00e9sid\u00e9 par Me Ariel GOLDMANN, Avocat<br \/>\nde l\u2019AIJJ, pr\u00e9sid\u00e9 par Me Jacques COHEN, Avocat<br \/>\nde la Fraternit\u00e9 du Barreau de Paris, pr\u00e9sid\u00e9e Me Chems-Eddine HAFIZ, Avocat<br \/>\nCette conf\u00e9rence exceptionnelle permettra des \u00e9changes avec les participants<\/p>\n<\/div><\/div><\/div><\/div><\/div><\/div><\/div><\/section>\n","protected":false},"excerpt":{"rendered":"Conf&eacute;rence du Professeur Fr&eacute;d&eacute;ric ENCEL,&nbsp;Docteur en g&eacute;opolitique, ma&icirc;tre de conf&eacute;rences &agrave; Sciences-Po Paris&nbsp;Le 1er mars 2018 &agrave; 20 heures &agrave; l&rsquo;Auditorium de la Maison du Barreau de Paris&nbsp;sur le th&egrave;me de Droit International&nbsp;&laquo;&nbsp;Quelles souverainet&eacute;s pour un Moyen-Orient &eacute;clat&eacute;&nbsp;?&nbsp;&raquo; Conf&eacute;rence sous la Pr&eacute;sidence de&nbsp;Madame le B&acirc;tonnier Marie-Aim&eacute;e PEYRON et du Vice-B&acirc;tonnier Basile ADER Avec les participations...","protected":false},"author":1,"featured_media":23132,"comment_status":"closed","ping_status":"closed","sticky":false,"template":"","format":"standard","meta":{"footnotes":""},"categories":[63],"tags":[],"class_list":["post-23177","post","type-post","status-publish","format-standard","has-post-thumbnail","hentry","category-passe"],"_links":{"self":[{"href":"http:\/\/www.rajfrance.org\/fr\/wp-json\/wp\/v2\/posts\/23177","targetHints":{"allow":["GET"]}}],"collection":[{"href":"http:\/\/www.rajfrance.org\/fr\/wp-json\/wp\/v2\/posts"}],"about":[{"href":"http:\/\/www.rajfrance.org\/fr\/wp-json\/wp\/v2\/types\/post"}],"author":[{"embeddable":true,"href":"http:\/\/www.rajfrance.org\/fr\/wp-json\/wp\/v2\/users\/1"}],"replies":[{"embeddable":true,"href":"http:\/\/www.rajfrance.org\/fr\/wp-json\/wp\/v2\/comments?post=23177"}],"version-history":[{"count":2,"href":"http:\/\/www.rajfrance.org\/fr\/wp-json\/wp\/v2\/posts\/23177\/revisions"}],"predecessor-version":[{"id":23179,"href":"http:\/\/www.rajfrance.org\/fr\/wp-json\/wp\/v2\/posts\/23177\/revisions\/23179"}],"wp:featuredmedia":[{"embeddable":true,"href":"http:\/\/www.rajfrance.org\/fr\/wp-json\/wp\/v2\/media\/23132"}],"wp:attachment":[{"href":"http:\/\/www.rajfrance.org\/fr\/wp-json\/wp\/v2\/media?parent=23177"}],"wp:term":[{"taxonomy":"category","embeddable":true,"href":"http:\/\/www.rajfrance.org\/fr\/wp-json\/wp\/v2\/categories?post=23177"},{"taxonomy":"post_tag","embeddable":true,"href":"http:\/\/www.rajfrance.org\/fr\/wp-json\/wp\/v2\/tags?post=23177"}],"curies":[{"name":"wp","href":"https:\/\/api.w.org\/{rel}","templated":true}]}}