{"id":23166,"date":"2018-01-30T16:47:15","date_gmt":"2018-01-30T15:47:15","guid":{"rendered":"http:\/\/www.rajfrance.org\/fr\/?p=23166"},"modified":"2018-10-02T11:00:59","modified_gmt":"2018-10-02T09:00:59","slug":"les-nouveaux-visages-de-lantismetisme","status":"publish","type":"post","link":"http:\/\/www.rajfrance.org\/fr\/2018\/01\/30\/les-nouveaux-visages-de-lantismetisme\/","title":{"rendered":"LES NOUVEAUX VISAGES DE L\u2019ANTISMETISME"},"content":{"rendered":"<section class=\"l-section wpb_row height_medium\"><div class=\"l-section-h i-cf\"><div class=\"g-cols vc_row via_flex valign_middle type_default stacking_default\"><div class=\"vc_col-sm-8 wpb_column vc_column_container\"><div class=\"vc_column-inner\"><div class=\"wpb_wrapper\"><div class=\"wpb_text_column\"><div class=\"wpb_wrapper\"><p style=\"text-align: justify;\">Le Rassemblement des Avocats Juifs de France (RAJF) vous invite \u00e0 une conf\u00e9rence sur les NOUVEAUX VISAGES DE L&rsquo;ANTISEMITISME avec BERNARD-HENRI LEVY et YANN MOIX le lundi 29 mai \u00e0 20h \u00e0 l\u2019Auditorium de la Maison du Barreau.\u00a0\u2028La conf\u00e9rence sera suivie d&rsquo;un d\u00e9bat avec les Avocats.<br \/>\nNous serions heureux de vous compter parmi nous pour ce nouvel \u00e9v\u00e9nement.<br \/>\nInscription en ligne sur\u00a0:\u00a0http:\/\/8gctbcqd.evenium.net\/<br \/>\nN\u2019h\u00e9sitez pas \u00e0 relayer l&rsquo;information aupr\u00e8s de nos Confr\u00e8res et amis.<br \/>\nVenez nombreux \u00e0 la Conf\u00e9rence et parlez-en autour de vous !<\/p>\n<\/div><\/div><\/div><\/div><\/div><div class=\"vc_col-sm-4 wpb_column vc_column_container\"><div class=\"vc_column-inner\"><div class=\"wpb_wrapper\"><div class=\"w-slider style_none fit_contain nav_none count_3\"><div class=\"w-slider-h\"><div class=\"royalSlider\"><div class=\"rsContent\"><a class=\"rsImg\" data-rsw=\"453\" data-rsh=\"340\" href=\"http:\/\/www.rajfrance.org\/fr\/wp-content\/uploads\/2018\/07\/7.jpg\"><span data-alt=\"\"><\/span><\/a><\/div><div class=\"rsContent\"><a class=\"rsImg\" data-rsw=\"345\" data-rsh=\"461\" href=\"http:\/\/www.rajfrance.org\/fr\/wp-content\/uploads\/2018\/07\/5.jpg\"><span data-alt=\"\"><\/span><\/a><\/div><div class=\"rsContent\"><a class=\"rsImg\" data-rsw=\"453\" data-rsh=\"604\" href=\"http:\/\/www.rajfrance.org\/fr\/wp-content\/uploads\/2018\/07\/6.jpg\"><span data-alt=\"\"><\/span><\/a><\/div><\/div><img decoding=\"async\" src=\"http:\/\/www.rajfrance.org\/fr\/wp-content\/uploads\/2018\/07\/7.jpg\" width=\"453\" height=\"340\" alt loading=\"lazy\"><\/div><div class=\"w-slider-json\" onclick='return {&quot;autoScaleSlider&quot;:true,&quot;addActiveClass&quot;:true,&quot;loop&quot;:true,&quot;fadeInLoadedSlide&quot;:false,&quot;slidesSpacing&quot;:0,&quot;imageScalePadding&quot;:0,&quot;numImagesToPreload&quot;:2,&quot;arrowsNav&quot;:true,&quot;arrowsNavAutoHide&quot;:false,&quot;transitionType&quot;:&quot;move&quot;,&quot;transitionSpeed&quot;:250,&quot;block&quot;:{&quot;moveEffect&quot;:&quot;none&quot;,&quot;speed&quot;:300},&quot;thumbs&quot;:{&quot;fitInViewport&quot;:false,&quot;firstMargin&quot;:false,&quot;spacing&quot;:4},&quot;controlNavigation&quot;:&quot;none&quot;,&quot;autoplay&quot;:{&quot;enabled&quot;:true,&quot;pauseOnHover&quot;:true,&quot;delay&quot;:3000},&quot;autoScaleSliderWidth&quot;:453,&quot;autoScaleSliderHeight&quot;:340}'><\/div><\/div><\/div><\/div><\/div><\/div><\/div><\/section>\n","protected":false},"excerpt":{"rendered":"Le Rassemblement des Avocats Juifs de France (RAJF) vous invite &agrave; une conf&eacute;rence sur les NOUVEAUX VISAGES DE L&rsquo;ANTISEMITISME avec BERNARD-HENRI LEVY et YANN MOIX le lundi 29 mai &agrave; 20h &agrave; l&rsquo;Auditorium de la Maison du Barreau.&nbsp;&#8232;La conf&eacute;rence sera suivie d&rsquo;un d&eacute;bat avec les Avocats. Nous serions heureux de vous compter parmi nous pour...","protected":false},"author":1,"featured_media":23140,"comment_status":"closed","ping_status":"closed","sticky":false,"template":"","format":"standard","meta":{"footnotes":""},"categories":[63],"tags":[],"class_list":["post-23166","post","type-post","status-publish","format-standard","has-post-thumbnail","hentry","category-passe"],"_links":{"self":[{"href":"http:\/\/www.rajfrance.org\/fr\/wp-json\/wp\/v2\/posts\/23166","targetHints":{"allow":["GET"]}}],"collection":[{"href":"http:\/\/www.rajfrance.org\/fr\/wp-json\/wp\/v2\/posts"}],"about":[{"href":"http:\/\/www.rajfrance.org\/fr\/wp-json\/wp\/v2\/types\/post"}],"author":[{"embeddable":true,"href":"http:\/\/www.rajfrance.org\/fr\/wp-json\/wp\/v2\/users\/1"}],"replies":[{"embeddable":true,"href":"http:\/\/www.rajfrance.org\/fr\/wp-json\/wp\/v2\/comments?post=23166"}],"version-history":[{"count":9,"href":"http:\/\/www.rajfrance.org\/fr\/wp-json\/wp\/v2\/posts\/23166\/revisions"}],"predecessor-version":[{"id":23175,"href":"http:\/\/www.rajfrance.org\/fr\/wp-json\/wp\/v2\/posts\/23166\/revisions\/23175"}],"wp:featuredmedia":[{"embeddable":true,"href":"http:\/\/www.rajfrance.org\/fr\/wp-json\/wp\/v2\/media\/23140"}],"wp:attachment":[{"href":"http:\/\/www.rajfrance.org\/fr\/wp-json\/wp\/v2\/media?parent=23166"}],"wp:term":[{"taxonomy":"category","embeddable":true,"href":"http:\/\/www.rajfrance.org\/fr\/wp-json\/wp\/v2\/categories?post=23166"},{"taxonomy":"post_tag","embeddable":true,"href":"http:\/\/www.rajfrance.org\/fr\/wp-json\/wp\/v2\/tags?post=23166"}],"curies":[{"name":"wp","href":"https:\/\/api.w.org\/{rel}","templated":true}]}}